{"id":1710,"date":"2020-11-24T11:19:16","date_gmt":"2020-11-24T10:19:16","guid":{"rendered":"https:\/\/www.festivalterresdimages.com\/v3\/?p=1710"},"modified":"2025-10-15T09:05:20","modified_gmt":"2025-10-15T07:05:20","slug":"terre-familles","status":"publish","type":"post","link":"http:\/\/www.festivalterresdimages.com\/v3\/2020\/11\/24\/terre-familles\/","title":{"rendered":"Le Louroux <br>Dimanche 16 novembre<br><br> Terre des familles"},"content":{"rendered":"<div id=\"pl-1710\"  class=\"panel-layout\" ><div id=\"pg-1710-0\"  class=\"panel-grid panel-no-style\" ><div id=\"pgc-1710-0-0\"  class=\"panel-grid-cell\" ><div id=\"panel-1710-0-0-0\" class=\"so-panel widget widget_sow-editor panel-first-child panel-last-child\" data-index=\"0\" ><div class=\"so-widget-sow-editor so-widget-sow-editor-base\"><h3 class=\"widget-title\">Infos pratiques<\/h3>\n<div class=\"siteorigin-widget-tinymce textwidget\">\n\t<hr \/>\n<p style=\"text-align: left;\"><span style=\"color: #ed418f;\"><strong>LA SALLE<\/strong><\/span><\/p>\n<p style=\"text-align: left;\">La Grange Classique<br \/>\nLe Prieur\u00e9 rue du ch\u00e2teau<br \/>\n<strong>Ouverture de la salle \u00e0 15h<\/strong><br \/>\n<span style=\"color: #000080;\"><em>La r\u00e9servation pour chaque soir\u00e9e<br \/>\nest conseill\u00e9e !<\/em><\/span><\/p>\n<hr \/>\n<\/div>\n<\/div><\/div><\/div><div id=\"pgc-1710-0-1\"  class=\"panel-grid-cell\" ><div id=\"panel-1710-0-1-0\" class=\"so-panel widget widget_sow-editor panel-first-child panel-last-child\" data-index=\"1\" ><div class=\"so-widget-sow-editor so-widget-sow-editor-base\"><h3 class=\"widget-title\">Exposition<\/h3>\n<div class=\"siteorigin-widget-tinymce textwidget\">\n\t<hr \/>\n<p style=\"text-align: left;\"><span style=\"color: #ed418f;\"><strong>L'EXPOSITION<\/strong><\/span><\/p>\n<h3 style=\"text-align: left;\" align=\"center\"><span style=\"color: #000080;\"><strong>\"Douceur(s)\"<\/strong><\/span><\/h3>\n<h5 style=\"text-align: left;\" align=\"center\"><span style=\"color: #000000;\"><span style=\"font-size: medium;\">par le Cam\u00e9ra photo club du Lochois<\/span><\/span><\/h5>\n<\/div>\n<\/div><\/div><\/div><div id=\"pgc-1710-0-2\"  class=\"panel-grid-cell\" ><div id=\"panel-1710-0-2-0\" class=\"so-panel widget widget_sow-editor panel-first-child panel-last-child\" data-index=\"2\" ><div class=\"so-widget-sow-editor so-widget-sow-editor-base\"><h3 class=\"widget-title\">Courts m\u00e9trages<\/h3>\n<div class=\"siteorigin-widget-tinymce textwidget\">\n\t<hr \/>\n<p style=\"text-align: left;\"><span style=\"color: #ed418f;\"><strong>LES COURTS-M\u00c9TRAGES<\/strong><\/span><\/p>\n<p style=\"text-align: left;\">Pr\u00e9sentation des films r\u00e9alis\u00e9s par les coll\u00e8ges et lyc\u00e9e de Touraine puis suivra le film de l'atelier d\u00e9couverte du cin\u00e9ma d\u2019animation, une collaboration La 25\u00e8me Image et Terre(s) d'Images<br \/>\n<span style=\"color: #000080;\"><em>D\u00e9but des projections \u00e0 15h30 pr\u00e9cises<\/em><\/span><\/p>\n<\/div>\n<\/div><\/div><\/div><div id=\"pgc-1710-0-3\"  class=\"panel-grid-cell\" ><div id=\"panel-1710-0-3-0\" class=\"so-panel widget widget_sow-editor panel-first-child panel-last-child\" data-index=\"3\" ><div class=\"so-widget-sow-editor so-widget-sow-editor-base\"><h3 class=\"widget-title\">Repas<\/h3>\n<div class=\"siteorigin-widget-tinymce textwidget\">\n\t<hr \/>\n<p style=\"text-align: left;\"><span style=\"color: #ed418f;\"><strong>LA TARTINE PAYSANNE<\/strong><\/span><\/p>\n<p style=\"text-align: left;\">Pour cet apr\u00e8s-midi famille, nous vous proposons en plus des films, <strong>des rafra\u00eechissements et un petit go\u00fbter sur place<\/strong> avec des produits locaux.<\/p>\n<\/div>\n<\/div><\/div><\/div><\/div><div id=\"pg-1710-1\"  class=\"panel-grid panel-no-style\" ><div id=\"pgc-1710-1-0\"  class=\"panel-grid-cell panel-grid-cell-empty\" ><\/div><div id=\"pgc-1710-1-1\"  class=\"panel-grid-cell\" ><div id=\"panel-1710-1-1-0\" class=\"so-panel widget widget_sow-editor panel-first-child panel-last-child\" data-index=\"4\" ><div class=\"so-widget-sow-editor so-widget-sow-editor-base\">\n<div class=\"siteorigin-widget-tinymce textwidget\">\n\t<p style=\"text-align: center;\"><img decoding=\"async\" loading=\"lazy\" class=\"aligncenter wp-image-2008 size-large\" src=\"http:\/\/www.festivalterresdimages.com\/v3\/wp-content\/uploads\/2023\/11\/8-Dimanche-Affiche-735x1024.jpg\" alt=\"\" width=\"640\" height=\"892\" srcset=\"http:\/\/www.festivalterresdimages.com\/v3\/wp-content\/uploads\/2023\/11\/8-Dimanche-Affiche-735x1024.jpg 735w, http:\/\/www.festivalterresdimages.com\/v3\/wp-content\/uploads\/2023\/11\/8-Dimanche-Affiche-215x300.jpg 215w, http:\/\/www.festivalterresdimages.com\/v3\/wp-content\/uploads\/2023\/11\/8-Dimanche-Affiche-768x1069.jpg 768w, http:\/\/www.festivalterresdimages.com\/v3\/wp-content\/uploads\/2023\/11\/8-Dimanche-Affiche-1103x1536.jpg 1103w, http:\/\/www.festivalterresdimages.com\/v3\/wp-content\/uploads\/2023\/11\/8-Dimanche-Affiche-1471x2048.jpg 1471w, http:\/\/www.festivalterresdimages.com\/v3\/wp-content\/uploads\/2023\/11\/8-Dimanche-Affiche-scaled.jpg 1839w\" sizes=\"(max-width: 640px) 100vw, 640px\" \/><\/p>\n<\/div>\n<\/div><\/div><\/div><div id=\"pgc-1710-1-2\"  class=\"panel-grid-cell panel-grid-cell-mobile-last\" ><div id=\"panel-1710-1-2-0\" class=\"so-panel widget widget_sow-editor panel-first-child panel-last-child\" data-index=\"5\" ><div class=\"so-widget-sow-editor so-widget-sow-editor-base\">\n<div class=\"siteorigin-widget-tinymce textwidget\">\n\t<p><span style=\"color: #000080;\"><b>LE LONG-M\u00c9TRAGE<\/b><\/span><\/p>\n<h1><span style=\"color: #ed418f;\">Flow, le chat qui n\u2019avait plus peur de l\u2019eau<\/span><\/h1>\n<p style=\"text-align: left;\"><strong>30 octobre 2024\u00a0en salle\u00a0|\u00a01h 25min\u00a0|\u00a0Animation,\u00a0Aventure,\u00a0Famille,\u00a0Fantastique<\/strong><br \/>\nDate de reprise\u00a05 mars 2025<br \/>\nDe Gints Zilbalodis \u00a0|\u00a0Par\u00a0Gints Zilbalodis,\u00a0Mat\u012bss Ka\u017ea<\/p>\n<p><span style=\"text-decoration: underline;\"><strong>\u00e0 partir de 8 ans<\/strong><\/span><\/p>\n<p><em>Un chat se r\u00e9veille dans un univers envahi par l\u2019eau o\u00f9 toute vie humaine semble avoir disparu. Il trouve refuge sur un bateau avec un groupe d\u2019autres animaux. Mais s\u2019entendre avec eux s\u2019av\u00e8re un d\u00e9fi encore plus grand que de surmonter sa peur de l'eau ! Tous devront d\u00e9sormais apprendre \u00e0 surmonter leurs diff\u00e9rences et \u00e0 s\u2019adapter au nouveau monde qui s\u2019impose \u00e0 eux.<\/em><\/p>\n<\/div>\n<\/div><\/div><\/div><div id=\"pgc-1710-1-3\"  class=\"panel-grid-cell panel-grid-cell-empty\" ><\/div><\/div><div id=\"pg-1710-2\"  class=\"panel-grid panel-no-style\" ><div id=\"pgc-1710-2-0\"  class=\"panel-grid-cell\" ><div id=\"panel-1710-2-0-0\" class=\"so-panel widget widget_sow-editor panel-first-child panel-last-child\" data-index=\"6\" ><div class=\"so-widget-sow-editor so-widget-sow-editor-base\">\n<div class=\"siteorigin-widget-tinymce textwidget\">\n\t<p><iframe loading=\"lazy\" width=\"960\" height=\"540\" src=\"https:\/\/www.youtube.com\/embed\/vob8AGZM4Wc?si=ra0Sy1t_gTwLKE-i\" title=\"YouTube video player\" frameborder=\"0\" allow=\"accelerometer; autoplay; clipboard-write; encrypted-media; gyroscope; picture-in-picture; web-share\" referrerpolicy=\"strict-origin-when-cross-origin\" allowfullscreen><\/iframe><\/p>\n<\/div>\n<\/div><\/div><\/div><\/div><\/div>","protected":false},"excerpt":{"rendered":"<p>LA SALLE La Grange Classique Le Prieur\u00e9 rue du ch\u00e2teau Ouverture de la salle \u00e0 15h La r\u00e9servation pour chaque soir\u00e9e est conseill\u00e9e ! L&rsquo;EXPOSITION \u00ab\u00a0Douceur(s)\u00a0\u00bb par le Cam\u00e9ra photo club du Lochois LES COURTS-M\u00c9TRAGES Pr\u00e9sentation des films r\u00e9alis\u00e9s par les coll\u00e8ges et lyc\u00e9e de Touraine puis suivra le film de l&rsquo;atelier d\u00e9couverte du cin\u00e9ma<a href=\"http:\/\/www.festivalterresdimages.com\/v3\/2020\/11\/24\/terre-familles\/\">[&#8230;]<\/a><\/p>\n","protected":false},"author":1,"featured_media":2010,"comment_status":"closed","ping_status":"closed","sticky":false,"template":"","format":"standard","meta":{"jetpack_post_was_ever_published":false,"_jetpack_newsletter_access":"","jetpack_publicize_message":"","jetpack_is_tweetstorm":false,"jetpack_publicize_feature_enabled":true,"jetpack_social_post_already_shared":true,"jetpack_social_options":{"image_generator_settings":{"template":"highway","enabled":false}},"_links_to":"","_links_to_target":""},"categories":[1],"tags":[],"jetpack_publicize_connections":[],"jetpack_featured_media_url":"http:\/\/www.festivalterresdimages.com\/v3\/wp-content\/uploads\/2023\/11\/Flow-vignette.png","jetpack_sharing_enabled":true,"jetpack_shortlink":"https:\/\/wp.me\/p7Y3dQ-rA","_links":{"self":[{"href":"http:\/\/www.festivalterresdimages.com\/v3\/wp-json\/wp\/v2\/posts\/1710"}],"collection":[{"href":"http:\/\/www.festivalterresdimages.com\/v3\/wp-json\/wp\/v2\/posts"}],"about":[{"href":"http:\/\/www.festivalterresdimages.com\/v3\/wp-json\/wp\/v2\/types\/post"}],"author":[{"embeddable":true,"href":"http:\/\/www.festivalterresdimages.com\/v3\/wp-json\/wp\/v2\/users\/1"}],"replies":[{"embeddable":true,"href":"http:\/\/www.festivalterresdimages.com\/v3\/wp-json\/wp\/v2\/comments?post=1710"}],"version-history":[{"count":15,"href":"http:\/\/www.festivalterresdimages.com\/v3\/wp-json\/wp\/v2\/posts\/1710\/revisions"}],"predecessor-version":[{"id":2029,"href":"http:\/\/www.festivalterresdimages.com\/v3\/wp-json\/wp\/v2\/posts\/1710\/revisions\/2029"}],"wp:featuredmedia":[{"embeddable":true,"href":"http:\/\/www.festivalterresdimages.com\/v3\/wp-json\/wp\/v2\/media\/2010"}],"wp:attachment":[{"href":"http:\/\/www.festivalterresdimages.com\/v3\/wp-json\/wp\/v2\/media?parent=1710"}],"wp:term":[{"taxonomy":"category","embeddable":true,"href":"http:\/\/www.festivalterresdimages.com\/v3\/wp-json\/wp\/v2\/categories?post=1710"},{"taxonomy":"post_tag","embeddable":true,"href":"http:\/\/www.festivalterresdimages.com\/v3\/wp-json\/wp\/v2\/tags?post=1710"}],"curies":[{"name":"wp","href":"https:\/\/api.w.org\/{rel}","templated":true}]}}