{"id":1721,"date":"2023-11-21T11:57:42","date_gmt":"2023-11-21T10:57:42","guid":{"rendered":"https:\/\/www.festivalterresdimages.com\/v3\/?p=1721"},"modified":"2025-10-15T09:04:00","modified_gmt":"2025-10-15T07:04:00","slug":"terre-humour","status":"publish","type":"post","link":"https:\/\/www.festivalterresdimages.com\/v3\/2023\/11\/21\/terre-humour\/","title":{"rendered":"Abilly <br>Jeudi 13 novembre<br><br> Terre d&rsquo;humour"},"content":{"rendered":"<div id=\"pl-1721\"  class=\"panel-layout\" ><div id=\"pg-1721-0\"  class=\"panel-grid panel-no-style\" ><div id=\"pgc-1721-0-0\"  class=\"panel-grid-cell\" ><div id=\"panel-1721-0-0-0\" class=\"so-panel widget widget_sow-editor panel-first-child panel-last-child\" data-index=\"0\" ><div class=\"so-widget-sow-editor so-widget-sow-editor-base\"><h3 class=\"widget-title\">Infos pratiques<\/h3>\n<div class=\"siteorigin-widget-tinymce textwidget\">\n\t<hr \/>\n<p style=\"text-align: left;\"><span style=\"color: #ed418f;\"><strong>LA SALLE<\/strong><\/span><\/p>\n<p style=\"text-align: left;\"><strong>Salle des f\u00eates - Place de la Mairie<\/strong><br \/>\nOuverture de la salle \u00e0 19h<br \/>\n<span style=\"color: #000080;\"><em>La r\u00e9servation pour chaque soir\u00e9e<br \/>\nest conseill\u00e9e !<\/em><\/span><\/p>\n<hr \/>\n<\/div>\n<\/div><\/div><\/div><div id=\"pgc-1721-0-1\"  class=\"panel-grid-cell\" ><div id=\"panel-1721-0-1-0\" class=\"so-panel widget widget_sow-editor panel-first-child panel-last-child\" data-index=\"1\" ><div class=\"so-widget-sow-editor so-widget-sow-editor-base\"><h3 class=\"widget-title\">Exposition<\/h3>\n<div class=\"siteorigin-widget-tinymce textwidget\">\n\t<hr \/>\n<p style=\"text-align: left;\"><span style=\"color: #ed408f;\"><strong>L'EXPOSITION<\/strong><\/span><\/p>\n<h3 style=\"text-align: left;\"><span style=\"color: #000080;\">\u00ab Coups de crayon \u00bb<\/span><\/h3>\n<h5 style=\"text-align: left;\">par <span style=\"font-size: 16px;\">Claude Chevilley<\/span><\/h5>\n<\/div>\n<\/div><\/div><\/div><div id=\"pgc-1721-0-2\"  class=\"panel-grid-cell\" ><div id=\"panel-1721-0-2-0\" class=\"so-panel widget widget_sow-editor panel-first-child panel-last-child\" data-index=\"2\" ><div class=\"so-widget-sow-editor so-widget-sow-editor-base\"><h3 class=\"widget-title\">Courts m\u00e9trages<\/h3>\n<div class=\"siteorigin-widget-tinymce textwidget\">\n\t<hr \/>\n<p style=\"text-align: left;\"><span style=\"color: #ed408f;\"><strong>LES COURTS-M\u00c9TRAGES<\/strong><\/span><\/p>\n<p style=\"text-align: left;\">Des cin\u00e9astes amateurs pr\u00e9sentent leurs r\u00e9alisations. Le public pourra choisir son coup de coeur 2025.<br \/>\n<span style=\"color: #000080;\"><em>D\u00e9but des projections \u00e0 19h30 pr\u00e9cises<\/em><\/span><\/p>\n<\/div>\n<\/div><\/div><\/div><div id=\"pgc-1721-0-3\"  class=\"panel-grid-cell\" ><div id=\"panel-1721-0-3-0\" class=\"so-panel widget widget_sow-editor panel-first-child panel-last-child\" data-index=\"3\" ><div class=\"so-widget-sow-editor so-widget-sow-editor-base\"><h3 class=\"widget-title\">Repas<\/h3>\n<div class=\"siteorigin-widget-tinymce textwidget\">\n\t<hr \/>\n<p style=\"text-align: left;\"><span style=\"color: #ed418f;\"><strong>LA TARTINE PAYSANNE<\/strong><\/span><\/p>\n<p style=\"text-align: left;\">Pour chaque soir\u00e9e, nous vous proposons en plus des films, <strong>des rafra\u00eechissements et une petite restauration sur place<\/strong> avec des produits locaux.<\/p>\n<\/div>\n<\/div><\/div><\/div><\/div><div id=\"pg-1721-1\"  class=\"panel-grid panel-no-style\" ><div id=\"pgc-1721-1-0\"  class=\"panel-grid-cell panel-grid-cell-empty\" ><\/div><div id=\"pgc-1721-1-1\"  class=\"panel-grid-cell\" ><div id=\"panel-1721-1-1-0\" class=\"so-panel widget widget_sow-editor panel-first-child panel-last-child\" data-index=\"4\" ><div class=\"so-widget-sow-editor so-widget-sow-editor-base\">\n<div class=\"siteorigin-widget-tinymce textwidget\">\n\t<p style=\"text-align: center;\"><img decoding=\"async\" loading=\"lazy\" class=\"aligncenter wp-image-1999 size-large\" src=\"http:\/\/www.festivalterresdimages.com\/v3\/wp-content\/uploads\/2023\/11\/2-Jeudi-Affiche-735x1024.jpg\" alt=\"\" width=\"640\" height=\"892\" srcset=\"https:\/\/www.festivalterresdimages.com\/v3\/wp-content\/uploads\/2023\/11\/2-Jeudi-Affiche-735x1024.jpg 735w, https:\/\/www.festivalterresdimages.com\/v3\/wp-content\/uploads\/2023\/11\/2-Jeudi-Affiche-215x300.jpg 215w, https:\/\/www.festivalterresdimages.com\/v3\/wp-content\/uploads\/2023\/11\/2-Jeudi-Affiche-768x1069.jpg 768w, https:\/\/www.festivalterresdimages.com\/v3\/wp-content\/uploads\/2023\/11\/2-Jeudi-Affiche-1103x1536.jpg 1103w, https:\/\/www.festivalterresdimages.com\/v3\/wp-content\/uploads\/2023\/11\/2-Jeudi-Affiche-1471x2048.jpg 1471w, https:\/\/www.festivalterresdimages.com\/v3\/wp-content\/uploads\/2023\/11\/2-Jeudi-Affiche-scaled.jpg 1839w\" sizes=\"(max-width: 640px) 100vw, 640px\" \/><\/p>\n<\/div>\n<\/div><\/div><\/div><div id=\"pgc-1721-1-2\"  class=\"panel-grid-cell panel-grid-cell-mobile-last\" ><div id=\"panel-1721-1-2-0\" class=\"so-panel widget widget_sow-editor panel-first-child panel-last-child\" data-index=\"5\" ><div class=\"so-widget-sow-editor so-widget-sow-editor-base\">\n<div class=\"siteorigin-widget-tinymce textwidget\">\n\t<p><span style=\"color: #000080;\"><b>LE LONG-M\u00c9TRAGE<\/b><\/span><\/p>\n<h1><span style=\"color: #ed418f;\">Cocorico - on ne choisit pas ses anc\u00eatres<\/span><\/h1>\n<p><span style=\"color: #333333;\"><strong>7 f\u00e9vrier 2024\u00a0en salle\u00a0|\u00a01h 31min\u00a0|\u00a0Com\u00e9die<\/strong><\/span><br \/>\n<span style=\"color: #333333;\">De\u00a0Julien Herv\u00e9<\/span><br \/>\n<span style=\"color: #333333;\">Avec Christian Clavier, Marianne Denicourt, Didier Bourdon<\/span><\/p>\n<p><em>Sur le point de se marier, Alice et Fran\u00e7ois d\u00e9cident de r\u00e9unir leurs deux familles. Pour l\u2019occasion, ils r\u00e9servent \u00e0 leurs parents un cadeau original : des tests ADN pour que chacun puisse d\u00e9couvrir les origines de ses anc\u00eatres. Mais la surprise va virer au fiasco quand les Bouvier-Sauvage, grande famille aristocrate, et les Martin, beaucoup plus modestes, d\u00e9couvrent les r\u00e9sultats, pour le moins\u2026 inattendus !<\/em><\/p>\n<\/div>\n<\/div><\/div><\/div><div id=\"pgc-1721-1-3\"  class=\"panel-grid-cell panel-grid-cell-empty\" ><\/div><\/div><div id=\"pg-1721-2\"  class=\"panel-grid panel-no-style\" ><div id=\"pgc-1721-2-0\"  class=\"panel-grid-cell\" ><div id=\"panel-1721-2-0-0\" class=\"so-panel widget widget_sow-editor panel-first-child panel-last-child\" data-index=\"6\" ><div class=\"so-widget-sow-editor so-widget-sow-editor-base\">\n<div class=\"siteorigin-widget-tinymce textwidget\">\n\t<p style=\"text-align: center;\"><iframe loading=\"lazy\" title=\"YouTube video player\" src=\"https:\/\/www.youtube.com\/embed\/xZiBL1ARsgA?si=mGcL7nmsW6mBFKQB\" width=\"960\" height=\"540\" frameborder=\"0\" allowfullscreen=\"allowfullscreen\"><\/iframe><\/p>\n<\/div>\n<\/div><\/div><\/div><\/div><\/div>","protected":false},"excerpt":{"rendered":"<p>LA SALLE Salle des f\u00eates &#8211; Place de la Mairie Ouverture de la salle \u00e0 19h La r\u00e9servation pour chaque soir\u00e9e est conseill\u00e9e ! L&rsquo;EXPOSITION \u00ab Coups de crayon \u00bb par Claude Chevilley LES COURTS-M\u00c9TRAGES Des cin\u00e9astes amateurs pr\u00e9sentent leurs r\u00e9alisations. Le public pourra choisir son coup de coeur 2025. D\u00e9but des projections \u00e0 19h30<a href=\"https:\/\/www.festivalterresdimages.com\/v3\/2023\/11\/21\/terre-humour\/\">[&#8230;]<\/a><\/p>\n","protected":false},"author":1,"featured_media":2009,"comment_status":"closed","ping_status":"closed","sticky":false,"template":"","format":"standard","meta":{"jetpack_post_was_ever_published":false,"_jetpack_newsletter_access":"","jetpack_publicize_message":"","jetpack_is_tweetstorm":false,"jetpack_publicize_feature_enabled":true,"jetpack_social_post_already_shared":true,"jetpack_social_options":{"image_generator_settings":{"template":"highway","enabled":false}},"_links_to":"","_links_to_target":""},"categories":[1],"tags":[],"jetpack_publicize_connections":[],"jetpack_featured_media_url":"https:\/\/www.festivalterresdimages.com\/v3\/wp-content\/uploads\/2023\/11\/Cocorico-vignette.png","jetpack_sharing_enabled":true,"jetpack_shortlink":"https:\/\/wp.me\/p7Y3dQ-rL","_links":{"self":[{"href":"https:\/\/www.festivalterresdimages.com\/v3\/wp-json\/wp\/v2\/posts\/1721"}],"collection":[{"href":"https:\/\/www.festivalterresdimages.com\/v3\/wp-json\/wp\/v2\/posts"}],"about":[{"href":"https:\/\/www.festivalterresdimages.com\/v3\/wp-json\/wp\/v2\/types\/post"}],"author":[{"embeddable":true,"href":"https:\/\/www.festivalterresdimages.com\/v3\/wp-json\/wp\/v2\/users\/1"}],"replies":[{"embeddable":true,"href":"https:\/\/www.festivalterresdimages.com\/v3\/wp-json\/wp\/v2\/comments?post=1721"}],"version-history":[{"count":22,"href":"https:\/\/www.festivalterresdimages.com\/v3\/wp-json\/wp\/v2\/posts\/1721\/revisions"}],"predecessor-version":[{"id":2025,"href":"https:\/\/www.festivalterresdimages.com\/v3\/wp-json\/wp\/v2\/posts\/1721\/revisions\/2025"}],"wp:featuredmedia":[{"embeddable":true,"href":"https:\/\/www.festivalterresdimages.com\/v3\/wp-json\/wp\/v2\/media\/2009"}],"wp:attachment":[{"href":"https:\/\/www.festivalterresdimages.com\/v3\/wp-json\/wp\/v2\/media?parent=1721"}],"wp:term":[{"taxonomy":"category","embeddable":true,"href":"https:\/\/www.festivalterresdimages.com\/v3\/wp-json\/wp\/v2\/categories?post=1721"},{"taxonomy":"post_tag","embeddable":true,"href":"https:\/\/www.festivalterresdimages.com\/v3\/wp-json\/wp\/v2\/tags?post=1721"}],"curies":[{"name":"wp","href":"https:\/\/api.w.org\/{rel}","templated":true}]}}