{"id":43,"date":"2022-11-22T10:37:12","date_gmt":"2022-11-22T09:37:12","guid":{"rendered":"http:\/\/www.festivalterresdimages.com\/v3\/?p=43"},"modified":"2025-10-15T09:05:07","modified_gmt":"2025-10-15T07:05:07","slug":"terre-connaissance","status":"publish","type":"post","link":"https:\/\/www.festivalterresdimages.com\/v3\/2022\/11\/22\/terre-connaissance\/","title":{"rendered":"La Chapelle-Blanche<br>Vendredi 14 novembre<br><br> Terre de connaissance"},"content":{"rendered":"<div id=\"pl-43\"  class=\"panel-layout\" ><div id=\"pg-43-0\"  class=\"panel-grid panel-no-style\" ><div id=\"pgc-43-0-0\"  class=\"panel-grid-cell\" ><div id=\"panel-43-0-0-0\" class=\"so-panel widget widget_sow-editor panel-first-child panel-last-child\" data-index=\"0\" ><div class=\"so-widget-sow-editor so-widget-sow-editor-base\"><h3 class=\"widget-title\">Infos pratiques<\/h3>\n<div class=\"siteorigin-widget-tinymce textwidget\">\n\t<hr \/>\n<p style=\"text-align: left;\"><span style=\"color: #ed418f;\"><strong>LA SALLE<\/strong><\/span><\/p>\n<p style=\"text-align: left;\"><strong>Salle des f\u00eates - Rue Dang\u00e9 d\u2019Orsay<\/strong><br \/>\nOuverture de la salle \u00e0 19h<br \/>\n<span style=\"color: #000080;\"><em>La r\u00e9servation pour chaque soir\u00e9e<br \/>\nest conseill\u00e9e !<\/em><\/span><\/p>\n<hr \/>\n<\/div>\n<\/div><\/div><\/div><div id=\"pgc-43-0-1\"  class=\"panel-grid-cell\" ><div id=\"panel-43-0-1-0\" class=\"so-panel widget widget_sow-editor panel-first-child panel-last-child\" data-index=\"1\" ><div class=\"so-widget-sow-editor so-widget-sow-editor-base\"><h3 class=\"widget-title\">Exposition<\/h3>\n<div class=\"siteorigin-widget-tinymce textwidget\">\n\t<hr \/>\n<p style=\"text-align: left;\"><span style=\"color: #ed418f;\"><strong>L'EXPOSITION<\/strong><\/span><\/p>\n<h3 style=\"text-align: left;\" align=\"center\"><span style=\"color: #000080;\">\u00ab Bonsa\u00ef,<\/span><br \/>\n<span style=\"color: #000080;\">un arbre en pot ! \u00bb<\/span><\/h3>\n<h5>David Michaud<\/h5>\n<\/div>\n<\/div><\/div><\/div><div id=\"pgc-43-0-2\"  class=\"panel-grid-cell\" ><div id=\"panel-43-0-2-0\" class=\"so-panel widget widget_sow-editor panel-first-child panel-last-child\" data-index=\"2\" ><div class=\"so-widget-sow-editor so-widget-sow-editor-base\"><h3 class=\"widget-title\">Courts m\u00e9trages<\/h3>\n<div class=\"siteorigin-widget-tinymce textwidget\">\n\t<hr \/>\n<p style=\"text-align: left;\"><span style=\"color: #ed418f;\"><strong>LES COURTS-M\u00c9TRAGES<\/strong><\/span><\/p>\n<p style=\"text-align: left;\">les films surprises du Patrimoine de la Chapelle-Blanche-Saint-Martin<br \/>\n<span style=\"color: #000080;\"><em>D\u00e9but des projections \u00e0 19h30 pr\u00e9cises<\/em><\/span><\/p>\n<\/div>\n<\/div><\/div><\/div><div id=\"pgc-43-0-3\"  class=\"panel-grid-cell\" ><div id=\"panel-43-0-3-0\" class=\"so-panel widget widget_sow-editor panel-first-child panel-last-child\" data-index=\"3\" ><div class=\"so-widget-sow-editor so-widget-sow-editor-base\"><h3 class=\"widget-title\">Repas<\/h3>\n<div class=\"siteorigin-widget-tinymce textwidget\">\n\t<hr \/>\n<p style=\"text-align: left;\"><span style=\"color: #ed418f;\"><strong>LA TARTINE PAYSANNE<\/strong><\/span><\/p>\n<p style=\"text-align: left;\">Pour chaque soir\u00e9e, nous vous proposons en plus des films, <strong>des rafra\u00eechissements et une petite restauration sur place<\/strong> avec des produits locaux.<\/p>\n<\/div>\n<\/div><\/div><\/div><\/div><div id=\"pg-43-1\"  class=\"panel-grid panel-no-style\" ><div id=\"pgc-43-1-0\"  class=\"panel-grid-cell panel-grid-cell-empty\" ><\/div><div id=\"pgc-43-1-1\"  class=\"panel-grid-cell\" ><div id=\"panel-43-1-1-0\" class=\"so-panel widget widget_sow-editor panel-first-child panel-last-child\" data-index=\"4\" ><div class=\"so-widget-sow-editor so-widget-sow-editor-base\">\n<div class=\"siteorigin-widget-tinymce textwidget\">\n\t<p style=\"text-align: center;\"><img decoding=\"async\" loading=\"lazy\" class=\"aligncenter wp-image-2006 size-large\" src=\"http:\/\/www.festivalterresdimages.com\/v3\/wp-content\/uploads\/2023\/11\/4-Vendredi-Affiche-735x1024.jpg\" alt=\"\" width=\"640\" height=\"892\" srcset=\"https:\/\/www.festivalterresdimages.com\/v3\/wp-content\/uploads\/2023\/11\/4-Vendredi-Affiche-735x1024.jpg 735w, https:\/\/www.festivalterresdimages.com\/v3\/wp-content\/uploads\/2023\/11\/4-Vendredi-Affiche-215x300.jpg 215w, https:\/\/www.festivalterresdimages.com\/v3\/wp-content\/uploads\/2023\/11\/4-Vendredi-Affiche-768x1069.jpg 768w, https:\/\/www.festivalterresdimages.com\/v3\/wp-content\/uploads\/2023\/11\/4-Vendredi-Affiche-1103x1536.jpg 1103w, https:\/\/www.festivalterresdimages.com\/v3\/wp-content\/uploads\/2023\/11\/4-Vendredi-Affiche-1471x2048.jpg 1471w, https:\/\/www.festivalterresdimages.com\/v3\/wp-content\/uploads\/2023\/11\/4-Vendredi-Affiche-scaled.jpg 1839w\" sizes=\"(max-width: 640px) 100vw, 640px\" \/><\/p>\n<\/div>\n<\/div><\/div><\/div><div id=\"pgc-43-1-2\"  class=\"panel-grid-cell panel-grid-cell-mobile-last\" ><div id=\"panel-43-1-2-0\" class=\"so-panel widget widget_sow-editor panel-first-child panel-last-child\" data-index=\"5\" ><div class=\"so-widget-sow-editor so-widget-sow-editor-base\">\n<div class=\"siteorigin-widget-tinymce textwidget\">\n\t<p><span style=\"color: #000080;\"><b>LE LONG-M\u00c9TRAGE<\/b><\/span><\/p>\n<h1><span style=\"color: #ed418f;\">L\u2019Histoire de Souleymane\u00a0<\/span><\/h1>\n<p><span style=\"color: #333333;\"><strong>9 octobre 2024 en salle | 1h 33min | Drame<br \/>\n<\/strong>De Boris Lojkine \u00a0|\u00a0Par\u00a0Boris Lojkine,\u00a0Delphine Agut<br \/>\nAvec\u00a0Abou Sangar\u00e9,\u00a0Alpha Oumar Sow,\u00a0Nina Meurisse<\/span><\/p>\n<p><em>Tandis qu\u2019il p\u00e9dale dans les rues de Paris pour livrer des repas, Souleymane r\u00e9p\u00e8te son histoire. Dans deux jours, il doit passer son entretien de demande d\u2019asile, le s\u00e9same pour obtenir des papiers. Mais Souleymane n\u2019est pas pr\u00eat.<\/em><\/p>\n<\/div>\n<\/div><\/div><\/div><div id=\"pgc-43-1-3\"  class=\"panel-grid-cell panel-grid-cell-empty\" ><\/div><\/div><div id=\"pg-43-2\"  class=\"panel-grid panel-no-style\" ><div id=\"pgc-43-2-0\"  class=\"panel-grid-cell\" ><div id=\"panel-43-2-0-0\" class=\"so-panel widget widget_sow-editor panel-first-child panel-last-child\" data-index=\"6\" ><div class=\"so-widget-sow-editor so-widget-sow-editor-base\">\n<div class=\"siteorigin-widget-tinymce textwidget\">\n\t<p style=\"text-align: center;\"><iframe loading=\"lazy\" title=\"YouTube video player\" src=\"https:\/\/www.youtube.com\/embed\/CCMvdrBkb6w?si=Cgtvb4takPqvXWkZ\" width=\"960\" height=\"540\" frameborder=\"0\" allowfullscreen=\"allowfullscreen\"><\/iframe><\/p>\n<\/div>\n<\/div><\/div><\/div><\/div><\/div>","protected":false},"excerpt":{"rendered":"<p>LA SALLE Salle des f\u00eates &#8211; Rue Dang\u00e9 d\u2019Orsay Ouverture de la salle \u00e0 19h La r\u00e9servation pour chaque soir\u00e9e est conseill\u00e9e ! L&rsquo;EXPOSITION \u00ab Bonsa\u00ef, un arbre en pot ! \u00bb David Michaud LES COURTS-M\u00c9TRAGES les films surprises du Patrimoine de la Chapelle-Blanche-Saint-Martin D\u00e9but des projections \u00e0 19h30 pr\u00e9cises LA TARTINE PAYSANNE Pour chaque<a href=\"https:\/\/www.festivalterresdimages.com\/v3\/2022\/11\/22\/terre-connaissance\/\">[&#8230;]<\/a><\/p>\n","protected":false},"author":1,"featured_media":2016,"comment_status":"closed","ping_status":"closed","sticky":false,"template":"","format":"standard","meta":{"jetpack_post_was_ever_published":false,"_jetpack_newsletter_access":"","jetpack_publicize_message":"","jetpack_is_tweetstorm":false,"jetpack_publicize_feature_enabled":true,"jetpack_social_post_already_shared":true,"jetpack_social_options":{"image_generator_settings":{"template":"highway","enabled":false}},"_links_to":"","_links_to_target":""},"categories":[1],"tags":[],"jetpack_publicize_connections":[],"jetpack_featured_media_url":"https:\/\/www.festivalterresdimages.com\/v3\/wp-content\/uploads\/2022\/11\/Souleyman-vignette.png","jetpack_sharing_enabled":true,"jetpack_shortlink":"https:\/\/wp.me\/p7Y3dQ-H","_links":{"self":[{"href":"https:\/\/www.festivalterresdimages.com\/v3\/wp-json\/wp\/v2\/posts\/43"}],"collection":[{"href":"https:\/\/www.festivalterresdimages.com\/v3\/wp-json\/wp\/v2\/posts"}],"about":[{"href":"https:\/\/www.festivalterresdimages.com\/v3\/wp-json\/wp\/v2\/types\/post"}],"author":[{"embeddable":true,"href":"https:\/\/www.festivalterresdimages.com\/v3\/wp-json\/wp\/v2\/users\/1"}],"replies":[{"embeddable":true,"href":"https:\/\/www.festivalterresdimages.com\/v3\/wp-json\/wp\/v2\/comments?post=43"}],"version-history":[{"count":184,"href":"https:\/\/www.festivalterresdimages.com\/v3\/wp-json\/wp\/v2\/posts\/43\/revisions"}],"predecessor-version":[{"id":2026,"href":"https:\/\/www.festivalterresdimages.com\/v3\/wp-json\/wp\/v2\/posts\/43\/revisions\/2026"}],"wp:featuredmedia":[{"embeddable":true,"href":"https:\/\/www.festivalterresdimages.com\/v3\/wp-json\/wp\/v2\/media\/2016"}],"wp:attachment":[{"href":"https:\/\/www.festivalterresdimages.com\/v3\/wp-json\/wp\/v2\/media?parent=43"}],"wp:term":[{"taxonomy":"category","embeddable":true,"href":"https:\/\/www.festivalterresdimages.com\/v3\/wp-json\/wp\/v2\/categories?post=43"},{"taxonomy":"post_tag","embeddable":true,"href":"https:\/\/www.festivalterresdimages.com\/v3\/wp-json\/wp\/v2\/tags?post=43"}],"curies":[{"name":"wp","href":"https:\/\/api.w.org\/{rel}","templated":true}]}}